{"id":1722,"date":"2021-05-12T18:11:34","date_gmt":"2021-05-12T21:11:34","guid":{"rendered":"https:\/\/tecin-mineria.com.ar\/si20te17\/?p=1722"},"modified":"2021-05-12T18:11:35","modified_gmt":"2021-05-12T21:11:35","slug":"dia-de-la-industria-minera-2021","status":"publish","type":"post","link":"https:\/\/tecin-mineria.com.ar\/si20te17\/dia-de-la-industria-minera-2021\/","title":{"rendered":"D\u00eda de la Miner\u00eda 2021: este fue el homenaje de la Industria."},"content":{"rendered":"\n<p>Como ya sabemos, <strong>el d\u00eda 7 de mayo fue el D\u00eda de la Industria Minera<\/strong> <strong>y la C\u00e1mara Argentina de Empresarios Mineros llev\u00f3 adelante la celebraci\u00f3n online de esta fecha<\/strong>, que rinde homenaje a la primera \u201cLey de Fomento Minero\u201d, sancionada en 1813. Ac\u00e1 te contaremos sobre el resumen del evento, expuesto por CAEM.<\/p>\n\n\n\n<h2 class=\"wp-block-heading\">As\u00ed fue el evento online del D\u00eda de la Industria Minera<\/h2>\n\n\n\n<p>Dicho evento se emiti\u00f3 a trav\u00e9s del canal de <a href=\"https:\/\/www.youtube.com\/channel\/UC_f4iuHHqOyxGIyfejb4wfA\">Youtube de C.A.E.M<\/a> y v\u00eda el micrositio del <a href=\"http:\/\/diadelaindustriaminera2021.com.ar\/\">D\u00eda de la Industria Minera 2021<\/a>, donde <strong>m\u00e1s de mil asistentes<\/strong>, entre ellos, reconocidos <strong>personajes de la industria<\/strong> y de la <strong>C\u00e1mara Argentina de Empresarios Mineros<\/strong>, estuvieron presentes para rendir homenaje a este d\u00eda.<\/p>\n\n\n\n<p>Entre las <strong>charlas m\u00e1s destacadas<\/strong> de la jornada estuvieron la de <strong>Alberto Hensel<\/strong> (Secretario de Miner\u00eda de la Naci\u00f3n), <strong>H\u00e9ctor Laplace<\/strong> (Secretario General de la Asociaci\u00f3n Obrera Minera Argentina) y A<strong>lberto Carlocchia <\/strong>(presidente de CAEM).<\/p>\n\n\n\n<p>Asimismo, participaron de dicho evento la <strong>Subsecretaria de Desarrollo Minero<\/strong>,<strong> Laura R\u00f3polo<\/strong>, y la<strong> Subsecretaria de Pol\u00edtica Minera<\/strong>, <strong>Sylvia Gimbernat<\/strong>.\u00a0\u00a0<\/p>\n\n\n\n<p>Entre las actividades desarrolladas el d\u00eda del homenaje, resaltamos el <strong>panel de<\/strong> <strong>Ernesto Cussianovich<\/strong> (Director Asociado de Poliarqu\u00eda Consultores),<strong> Adriana Sirito<\/strong> (Subdirectora de Desarrollo Institucional Academia Latinoamericana de L\u00edderes Cat\u00f3licos) y <strong>Javier Cao<\/strong> (Coordinador de An\u00e1lisis Sectorial de ABECEB), <strong>donde se debati\u00f3 acerca de los aspectos social, pol\u00edtico, ambiental y econ\u00f3mico de la miner\u00eda, entrecruzando sus visiones para lograr entender los puntos de contacto<\/strong>.<\/p>\n\n\n\n<p>La <strong>moderaci\u00f3n<\/strong> durante toda la jornada estuvo a cargo de la <strong>periodista Paula Tr\u00e1pani<\/strong> y la <strong>presentaci\u00f3n de Luciano Berenstein<\/strong>,<strong> Director Ejecutivo de CAEM<\/strong>, quien ponder\u00f3 el <strong>camino recorrido por la miner\u00eda hasta convertirse en el sexto complejo exportador de nuestro pa\u00eds y emplear a 83.000 personas<\/strong>.<\/p>\n\n\n\n<p>Pod\u00e9s revivir todo el encuentro ac\u00e1:<\/p>\n\n\n\n<figure class=\"wp-block-embed is-type-video is-provider-youtube wp-block-embed-youtube wp-embed-aspect-16-9 wp-has-aspect-ratio\"><div class=\"wp-block-embed__wrapper\">\n<iframe loading=\"lazy\" title=\"D\u00eda de la Industria Minera\" width=\"500\" height=\"281\" src=\"https:\/\/www.youtube.com\/embed\/QPD4x58lhjY?feature=oembed\" frameborder=\"0\" allow=\"accelerometer; autoplay; clipboard-write; encrypted-media; gyroscope; picture-in-picture; web-share\" referrerpolicy=\"strict-origin-when-cross-origin\" allowfullscreen><\/iframe>\n<\/div><\/figure>\n\n\n\n<h2 class=\"wp-block-heading\">Actividades destacadas del D\u00eda de la Miner\u00eda<\/h2>\n\n\n\n<p>Hacia la tarde, se realizaron <strong>dos talleres dedicados a los temas de g\u00e9nero e inclusi\u00f3n<\/strong>, programados por la <strong>Comisi\u00f3n de G\u00e9nero e Inclusi\u00f3n de CAEM<\/strong>:<\/p>\n\n\n\n<p>En el primero, <strong>Mar\u00eda Eugenia Sampalione, Vicepresidenta 2\u00aa de CAEM<\/strong> y <strong>Gerente de Relaciones Externas en Newmont <\/strong>y <strong>Roc\u00edo Restaino<\/strong>, <strong>consultora en g\u00e9nero y comunicaci\u00f3n<\/strong>, analizaron <strong>la miner\u00eda desde una visi\u00f3n de g\u00e9nero, para pensar c\u00f3mo propiciar la equidad<\/strong>. Pod\u00e9s ver de nuevo este taller a continuaci\u00f3n:<\/p>\n\n\n\n<figure class=\"wp-block-embed is-type-video is-provider-youtube wp-block-embed-youtube wp-embed-aspect-16-9 wp-has-aspect-ratio\"><div class=\"wp-block-embed__wrapper\">\n<iframe loading=\"lazy\" title=\"D\u00eda de la Industria Minera - Taller G\u00e9nero\" width=\"500\" height=\"281\" src=\"https:\/\/www.youtube.com\/embed\/480TffC8Vys?feature=oembed\" frameborder=\"0\" allow=\"accelerometer; autoplay; clipboard-write; encrypted-media; gyroscope; picture-in-picture; web-share\" referrerpolicy=\"strict-origin-when-cross-origin\" allowfullscreen><\/iframe>\n<\/div><\/figure>\n\n\n\n<p>En el segundo taller, <strong>la asociaci\u00f3n civil Cascos Verdes, que trabaja por la inclusi\u00f3n de personas con discapacidad intelectual a trav\u00e9s de la educaci\u00f3n ambiental<\/strong>, brind\u00f3 un <strong>taller de huerta para la familia<\/strong>. All\u00ed los educadores ambientales aconsejaron sobre <strong>c\u00f3mo realizar una huerta hogare\u00f1a y explicaron la importancia de comenzar a realizar esto<\/strong>. Mir\u00e1 el taller completo en el siguiente video:<\/p>\n\n\n\n<figure class=\"wp-block-embed is-type-video is-provider-youtube wp-block-embed-youtube wp-embed-aspect-16-9 wp-has-aspect-ratio\"><div class=\"wp-block-embed__wrapper\">\n<iframe loading=\"lazy\" title=\"D\u00eda de la Industria Minera - Taller Huerta\" width=\"500\" height=\"281\" src=\"https:\/\/www.youtube.com\/embed\/7H3eIL3PJXs?start=281&#038;feature=oembed\" frameborder=\"0\" allow=\"accelerometer; autoplay; clipboard-write; encrypted-media; gyroscope; picture-in-picture; web-share\" referrerpolicy=\"strict-origin-when-cross-origin\" allowfullscreen><\/iframe>\n<\/div><\/figure>\n\n\n\n<p>Sin dudas una gran jornada para homenajear a la Industria Minera, con interesantes aportes para reflexionar y repensar la importancia del desarrollo de la misma en nuestro pa\u00eds. Para m\u00e1s informaci\u00f3n sobre el evento, visit\u00e1 el portal sobre el <a href=\"http:\/\/diadelaindustriaminera2021.com.ar\/\">D\u00eda de la Industria Minera 2021 de CAEM<\/a>.<\/p>\n","protected":false},"excerpt":{"rendered":"<p>Como ya sabemos, el d\u00eda 7 de mayo fue el D\u00eda de la Industria Minera y la C\u00e1mara Argentina de Empresarios Mineros llev\u00f3 adelante la celebraci\u00f3n online de esta fecha, que rinde homenaje a la primera \u201cLey de Fomento Minero\u201d, sancionada en 1813. Ac\u00e1 te contaremos sobre el resumen del evento, expuesto por CAEM. As\u00ed<\/p>\n","protected":false},"author":6,"featured_media":1723,"comment_status":"open","ping_status":"open","sticky":false,"template":"","format":"standard","meta":{"footnotes":""},"categories":[23],"tags":[93,94,91,82],"class_list":["post-1722","post","type-post","status-publish","format-standard","has-post-thumbnail","hentry","category-tecin-mineria","tag-dia-de-la-industria-minera","tag-eventos","tag-industria-minera","tag-industria-minera-argentina"],"yoast_head":"<!-- This site is optimized with the Yoast SEO plugin v27.1.1 - https:\/\/yoast.com\/product\/yoast-seo-wordpress\/ -->\n<title>D\u00eda de la Miner\u00eda 2021: este fue el homenaje de la Industria. - TECIN - MINERIA<\/title>\n<meta name=\"description\" content=\"Conoc\u00e9 todo lo que sucedi\u00f3 en el evento del D\u00eda de la Industria Minera 2021 organizado por la C\u00e1mara Argentina de Empresarios Mineros.\" \/>\n<meta name=\"robots\" content=\"index, follow, max-snippet:-1, max-image-preview:large, max-video-preview:-1\" \/>\n<link rel=\"canonical\" href=\"https:\/\/tecin-mineria.com.ar\/si20te17\/dia-de-la-industria-minera-2021\/\" \/>\n<meta property=\"og:locale\" content=\"es_ES\" \/>\n<meta property=\"og:type\" content=\"article\" \/>\n<meta property=\"og:title\" content=\"D\u00eda de la Miner\u00eda 2021: este fue el homenaje de la Industria. - TECIN - MINERIA\" \/>\n<meta property=\"og:description\" content=\"Conoc\u00e9 todo lo que sucedi\u00f3 en el evento del D\u00eda de la Industria Minera 2021 organizado por la C\u00e1mara Argentina de Empresarios Mineros.\" \/>\n<meta property=\"og:url\" content=\"https:\/\/tecin-mineria.com.ar\/si20te17\/dia-de-la-industria-minera-2021\/\" \/>\n<meta property=\"og:site_name\" content=\"TECIN - MINERIA\" \/>\n<meta property=\"article:published_time\" content=\"2021-05-12T21:11:34+00:00\" \/>\n<meta property=\"article:modified_time\" content=\"2021-05-12T21:11:35+00:00\" \/>\n<meta property=\"og:image\" content=\"https:\/\/tecin-mineria.com.ar\/si20te17\/wp-content\/uploads\/2021\/05\/Lin-mayo-2021.png\" \/>\n\t<meta property=\"og:image:width\" content=\"1024\" \/>\n\t<meta property=\"og:image:height\" content=\"768\" \/>\n\t<meta property=\"og:image:type\" content=\"image\/png\" \/>\n<meta name=\"author\" content=\"Tecin Miner\u00eda\" \/>\n<meta name=\"twitter:card\" content=\"summary_large_image\" \/>\n<meta name=\"twitter:label1\" content=\"Escrito por\" \/>\n\t<meta name=\"twitter:data1\" content=\"Tecin Miner\u00eda\" \/>\n\t<meta name=\"twitter:label2\" content=\"Tiempo de lectura\" \/>\n\t<meta name=\"twitter:data2\" content=\"3 minutos\" \/>\n<script type=\"application\/ld+json\" class=\"yoast-schema-graph\">{\"@context\":\"https:\/\/schema.org\",\"@graph\":[{\"@type\":\"Article\",\"@id\":\"https:\/\/tecin-mineria.com.ar\/si20te17\/dia-de-la-industria-minera-2021\/#article\",\"isPartOf\":{\"@id\":\"https:\/\/tecin-mineria.com.ar\/si20te17\/dia-de-la-industria-minera-2021\/\"},\"author\":{\"name\":\"Tecin Miner\u00eda\",\"@id\":\"https:\/\/tecin-mineria.com.ar\/si20te17\/#\/schema\/person\/475fa96c7117a6157a1b2227f7430db8\"},\"headline\":\"D\u00eda de la Miner\u00eda 2021: este fue el homenaje de la Industria.\",\"datePublished\":\"2021-05-12T21:11:34+00:00\",\"dateModified\":\"2021-05-12T21:11:35+00:00\",\"mainEntityOfPage\":{\"@id\":\"https:\/\/tecin-mineria.com.ar\/si20te17\/dia-de-la-industria-minera-2021\/\"},\"wordCount\":573,\"commentCount\":0,\"publisher\":{\"@id\":\"https:\/\/tecin-mineria.com.ar\/si20te17\/#organization\"},\"image\":{\"@id\":\"https:\/\/tecin-mineria.com.ar\/si20te17\/dia-de-la-industria-minera-2021\/#primaryimage\"},\"thumbnailUrl\":\"https:\/\/tecin-mineria.com.ar\/si20te17\/wp-content\/uploads\/2021\/05\/Lin-mayo-2021.png\",\"keywords\":[\"dia de la industria minera\",\"eventos\",\"industria minera\",\"industria minera argentina\"],\"articleSection\":[\"TECIN MINERIA\"],\"inLanguage\":\"es-AR\"},{\"@type\":\"WebPage\",\"@id\":\"https:\/\/tecin-mineria.com.ar\/si20te17\/dia-de-la-industria-minera-2021\/\",\"url\":\"https:\/\/tecin-mineria.com.ar\/si20te17\/dia-de-la-industria-minera-2021\/\",\"name\":\"D\u00eda de la Miner\u00eda 2021: este fue el homenaje de la Industria. - TECIN - MINERIA\",\"isPartOf\":{\"@id\":\"https:\/\/tecin-mineria.com.ar\/si20te17\/#website\"},\"primaryImageOfPage\":{\"@id\":\"https:\/\/tecin-mineria.com.ar\/si20te17\/dia-de-la-industria-minera-2021\/#primaryimage\"},\"image\":{\"@id\":\"https:\/\/tecin-mineria.com.ar\/si20te17\/dia-de-la-industria-minera-2021\/#primaryimage\"},\"thumbnailUrl\":\"https:\/\/tecin-mineria.com.ar\/si20te17\/wp-content\/uploads\/2021\/05\/Lin-mayo-2021.png\",\"datePublished\":\"2021-05-12T21:11:34+00:00\",\"dateModified\":\"2021-05-12T21:11:35+00:00\",\"description\":\"Conoc\u00e9 todo lo que sucedi\u00f3 en el evento del D\u00eda de la Industria Minera 2021 organizado por la C\u00e1mara Argentina de Empresarios Mineros.\",\"breadcrumb\":{\"@id\":\"https:\/\/tecin-mineria.com.ar\/si20te17\/dia-de-la-industria-minera-2021\/#breadcrumb\"},\"inLanguage\":\"es-AR\",\"potentialAction\":[{\"@type\":\"ReadAction\",\"target\":[\"https:\/\/tecin-mineria.com.ar\/si20te17\/dia-de-la-industria-minera-2021\/\"]}]},{\"@type\":\"ImageObject\",\"inLanguage\":\"es-AR\",\"@id\":\"https:\/\/tecin-mineria.com.ar\/si20te17\/dia-de-la-industria-minera-2021\/#primaryimage\",\"url\":\"https:\/\/tecin-mineria.com.ar\/si20te17\/wp-content\/uploads\/2021\/05\/Lin-mayo-2021.png\",\"contentUrl\":\"https:\/\/tecin-mineria.com.ar\/si20te17\/wp-content\/uploads\/2021\/05\/Lin-mayo-2021.png\",\"width\":1024,\"height\":768},{\"@type\":\"BreadcrumbList\",\"@id\":\"https:\/\/tecin-mineria.com.ar\/si20te17\/dia-de-la-industria-minera-2021\/#breadcrumb\",\"itemListElement\":[{\"@type\":\"ListItem\",\"position\":1,\"name\":\"Inicio\",\"item\":\"https:\/\/tecin-mineria.com.ar\/si20te17\/\"},{\"@type\":\"ListItem\",\"position\":2,\"name\":\"D\u00eda de la Miner\u00eda 2021: este fue el homenaje de la Industria.\"}]},{\"@type\":\"WebSite\",\"@id\":\"https:\/\/tecin-mineria.com.ar\/si20te17\/#website\",\"url\":\"https:\/\/tecin-mineria.com.ar\/si20te17\/\",\"name\":\"TECIN - MINERIA\",\"description\":\"SOCIOS EN LA SEGURIDAD\",\"publisher\":{\"@id\":\"https:\/\/tecin-mineria.com.ar\/si20te17\/#organization\"},\"potentialAction\":[{\"@type\":\"SearchAction\",\"target\":{\"@type\":\"EntryPoint\",\"urlTemplate\":\"https:\/\/tecin-mineria.com.ar\/si20te17\/?s={search_term_string}\"},\"query-input\":{\"@type\":\"PropertyValueSpecification\",\"valueRequired\":true,\"valueName\":\"search_term_string\"}}],\"inLanguage\":\"es-AR\"},{\"@type\":\"Organization\",\"@id\":\"https:\/\/tecin-mineria.com.ar\/si20te17\/#organization\",\"name\":\"Tecin Mineria\",\"url\":\"https:\/\/tecin-mineria.com.ar\/si20te17\/\",\"logo\":{\"@type\":\"ImageObject\",\"inLanguage\":\"es-AR\",\"@id\":\"https:\/\/tecin-mineria.com.ar\/si20te17\/#\/schema\/logo\/image\/\",\"url\":\"https:\/\/tecin-mineria.com.ar\/si20te17\/wp-content\/uploads\/2018\/12\/TECIN-Mineria-logo-3.png\",\"contentUrl\":\"https:\/\/tecin-mineria.com.ar\/si20te17\/wp-content\/uploads\/2018\/12\/TECIN-Mineria-logo-3.png\",\"width\":328,\"height\":195,\"caption\":\"Tecin Mineria\"},\"image\":{\"@id\":\"https:\/\/tecin-mineria.com.ar\/si20te17\/#\/schema\/logo\/image\/\"},\"sameAs\":[\"https:\/\/www.linkedin.com\/in\/daniel-ab\u00e9-07754027\/\"]},{\"@type\":\"Person\",\"@id\":\"https:\/\/tecin-mineria.com.ar\/si20te17\/#\/schema\/person\/475fa96c7117a6157a1b2227f7430db8\",\"name\":\"Tecin Miner\u00eda\",\"image\":{\"@type\":\"ImageObject\",\"inLanguage\":\"es-AR\",\"@id\":\"https:\/\/tecin-mineria.com.ar\/si20te17\/#\/schema\/person\/image\/\",\"url\":\"https:\/\/secure.gravatar.com\/avatar\/e3a168feac440f0b8ba15a52ccfabe47608c50d7f1ed115483438e175617b350?s=96&d=mm&r=g\",\"contentUrl\":\"https:\/\/secure.gravatar.com\/avatar\/e3a168feac440f0b8ba15a52ccfabe47608c50d7f1ed115483438e175617b350?s=96&d=mm&r=g\",\"caption\":\"Tecin Miner\u00eda\"}}]}<\/script>\n<!-- \/ Yoast SEO plugin. -->","yoast_head_json":{"title":"D\u00eda de la Miner\u00eda 2021: este fue el homenaje de la Industria. - TECIN - MINERIA","description":"Conoc\u00e9 todo lo que sucedi\u00f3 en el evento del D\u00eda de la Industria Minera 2021 organizado por la C\u00e1mara Argentina de Empresarios Mineros.","robots":{"index":"index","follow":"follow","max-snippet":"max-snippet:-1","max-image-preview":"max-image-preview:large","max-video-preview":"max-video-preview:-1"},"canonical":"https:\/\/tecin-mineria.com.ar\/si20te17\/dia-de-la-industria-minera-2021\/","og_locale":"es_ES","og_type":"article","og_title":"D\u00eda de la Miner\u00eda 2021: este fue el homenaje de la Industria. - TECIN - MINERIA","og_description":"Conoc\u00e9 todo lo que sucedi\u00f3 en el evento del D\u00eda de la Industria Minera 2021 organizado por la C\u00e1mara Argentina de Empresarios Mineros.","og_url":"https:\/\/tecin-mineria.com.ar\/si20te17\/dia-de-la-industria-minera-2021\/","og_site_name":"TECIN - MINERIA","article_published_time":"2021-05-12T21:11:34+00:00","article_modified_time":"2021-05-12T21:11:35+00:00","og_image":[{"width":1024,"height":768,"url":"https:\/\/tecin-mineria.com.ar\/si20te17\/wp-content\/uploads\/2021\/05\/Lin-mayo-2021.png","type":"image\/png"}],"author":"Tecin Miner\u00eda","twitter_card":"summary_large_image","twitter_misc":{"Escrito por":"Tecin Miner\u00eda","Tiempo de lectura":"3 minutos"},"schema":{"@context":"https:\/\/schema.org","@graph":[{"@type":"Article","@id":"https:\/\/tecin-mineria.com.ar\/si20te17\/dia-de-la-industria-minera-2021\/#article","isPartOf":{"@id":"https:\/\/tecin-mineria.com.ar\/si20te17\/dia-de-la-industria-minera-2021\/"},"author":{"name":"Tecin Miner\u00eda","@id":"https:\/\/tecin-mineria.com.ar\/si20te17\/#\/schema\/person\/475fa96c7117a6157a1b2227f7430db8"},"headline":"D\u00eda de la Miner\u00eda 2021: este fue el homenaje de la Industria.","datePublished":"2021-05-12T21:11:34+00:00","dateModified":"2021-05-12T21:11:35+00:00","mainEntityOfPage":{"@id":"https:\/\/tecin-mineria.com.ar\/si20te17\/dia-de-la-industria-minera-2021\/"},"wordCount":573,"commentCount":0,"publisher":{"@id":"https:\/\/tecin-mineria.com.ar\/si20te17\/#organization"},"image":{"@id":"https:\/\/tecin-mineria.com.ar\/si20te17\/dia-de-la-industria-minera-2021\/#primaryimage"},"thumbnailUrl":"https:\/\/tecin-mineria.com.ar\/si20te17\/wp-content\/uploads\/2021\/05\/Lin-mayo-2021.png","keywords":["dia de la industria minera","eventos","industria minera","industria minera argentina"],"articleSection":["TECIN MINERIA"],"inLanguage":"es-AR"},{"@type":"WebPage","@id":"https:\/\/tecin-mineria.com.ar\/si20te17\/dia-de-la-industria-minera-2021\/","url":"https:\/\/tecin-mineria.com.ar\/si20te17\/dia-de-la-industria-minera-2021\/","name":"D\u00eda de la Miner\u00eda 2021: este fue el homenaje de la Industria. - TECIN - MINERIA","isPartOf":{"@id":"https:\/\/tecin-mineria.com.ar\/si20te17\/#website"},"primaryImageOfPage":{"@id":"https:\/\/tecin-mineria.com.ar\/si20te17\/dia-de-la-industria-minera-2021\/#primaryimage"},"image":{"@id":"https:\/\/tecin-mineria.com.ar\/si20te17\/dia-de-la-industria-minera-2021\/#primaryimage"},"thumbnailUrl":"https:\/\/tecin-mineria.com.ar\/si20te17\/wp-content\/uploads\/2021\/05\/Lin-mayo-2021.png","datePublished":"2021-05-12T21:11:34+00:00","dateModified":"2021-05-12T21:11:35+00:00","description":"Conoc\u00e9 todo lo que sucedi\u00f3 en el evento del D\u00eda de la Industria Minera 2021 organizado por la C\u00e1mara Argentina de Empresarios Mineros.","breadcrumb":{"@id":"https:\/\/tecin-mineria.com.ar\/si20te17\/dia-de-la-industria-minera-2021\/#breadcrumb"},"inLanguage":"es-AR","potentialAction":[{"@type":"ReadAction","target":["https:\/\/tecin-mineria.com.ar\/si20te17\/dia-de-la-industria-minera-2021\/"]}]},{"@type":"ImageObject","inLanguage":"es-AR","@id":"https:\/\/tecin-mineria.com.ar\/si20te17\/dia-de-la-industria-minera-2021\/#primaryimage","url":"https:\/\/tecin-mineria.com.ar\/si20te17\/wp-content\/uploads\/2021\/05\/Lin-mayo-2021.png","contentUrl":"https:\/\/tecin-mineria.com.ar\/si20te17\/wp-content\/uploads\/2021\/05\/Lin-mayo-2021.png","width":1024,"height":768},{"@type":"BreadcrumbList","@id":"https:\/\/tecin-mineria.com.ar\/si20te17\/dia-de-la-industria-minera-2021\/#breadcrumb","itemListElement":[{"@type":"ListItem","position":1,"name":"Inicio","item":"https:\/\/tecin-mineria.com.ar\/si20te17\/"},{"@type":"ListItem","position":2,"name":"D\u00eda de la Miner\u00eda 2021: este fue el homenaje de la Industria."}]},{"@type":"WebSite","@id":"https:\/\/tecin-mineria.com.ar\/si20te17\/#website","url":"https:\/\/tecin-mineria.com.ar\/si20te17\/","name":"TECIN - MINERIA","description":"SOCIOS EN LA SEGURIDAD","publisher":{"@id":"https:\/\/tecin-mineria.com.ar\/si20te17\/#organization"},"potentialAction":[{"@type":"SearchAction","target":{"@type":"EntryPoint","urlTemplate":"https:\/\/tecin-mineria.com.ar\/si20te17\/?s={search_term_string}"},"query-input":{"@type":"PropertyValueSpecification","valueRequired":true,"valueName":"search_term_string"}}],"inLanguage":"es-AR"},{"@type":"Organization","@id":"https:\/\/tecin-mineria.com.ar\/si20te17\/#organization","name":"Tecin Mineria","url":"https:\/\/tecin-mineria.com.ar\/si20te17\/","logo":{"@type":"ImageObject","inLanguage":"es-AR","@id":"https:\/\/tecin-mineria.com.ar\/si20te17\/#\/schema\/logo\/image\/","url":"https:\/\/tecin-mineria.com.ar\/si20te17\/wp-content\/uploads\/2018\/12\/TECIN-Mineria-logo-3.png","contentUrl":"https:\/\/tecin-mineria.com.ar\/si20te17\/wp-content\/uploads\/2018\/12\/TECIN-Mineria-logo-3.png","width":328,"height":195,"caption":"Tecin Mineria"},"image":{"@id":"https:\/\/tecin-mineria.com.ar\/si20te17\/#\/schema\/logo\/image\/"},"sameAs":["https:\/\/www.linkedin.com\/in\/daniel-ab\u00e9-07754027\/"]},{"@type":"Person","@id":"https:\/\/tecin-mineria.com.ar\/si20te17\/#\/schema\/person\/475fa96c7117a6157a1b2227f7430db8","name":"Tecin Miner\u00eda","image":{"@type":"ImageObject","inLanguage":"es-AR","@id":"https:\/\/tecin-mineria.com.ar\/si20te17\/#\/schema\/person\/image\/","url":"https:\/\/secure.gravatar.com\/avatar\/e3a168feac440f0b8ba15a52ccfabe47608c50d7f1ed115483438e175617b350?s=96&d=mm&r=g","contentUrl":"https:\/\/secure.gravatar.com\/avatar\/e3a168feac440f0b8ba15a52ccfabe47608c50d7f1ed115483438e175617b350?s=96&d=mm&r=g","caption":"Tecin Miner\u00eda"}}]}},"_links":{"self":[{"href":"https:\/\/tecin-mineria.com.ar\/si20te17\/wp-json\/wp\/v2\/posts\/1722","targetHints":{"allow":["GET"]}}],"collection":[{"href":"https:\/\/tecin-mineria.com.ar\/si20te17\/wp-json\/wp\/v2\/posts"}],"about":[{"href":"https:\/\/tecin-mineria.com.ar\/si20te17\/wp-json\/wp\/v2\/types\/post"}],"author":[{"embeddable":true,"href":"https:\/\/tecin-mineria.com.ar\/si20te17\/wp-json\/wp\/v2\/users\/6"}],"replies":[{"embeddable":true,"href":"https:\/\/tecin-mineria.com.ar\/si20te17\/wp-json\/wp\/v2\/comments?post=1722"}],"version-history":[{"count":1,"href":"https:\/\/tecin-mineria.com.ar\/si20te17\/wp-json\/wp\/v2\/posts\/1722\/revisions"}],"predecessor-version":[{"id":1724,"href":"https:\/\/tecin-mineria.com.ar\/si20te17\/wp-json\/wp\/v2\/posts\/1722\/revisions\/1724"}],"wp:featuredmedia":[{"embeddable":true,"href":"https:\/\/tecin-mineria.com.ar\/si20te17\/wp-json\/wp\/v2\/media\/1723"}],"wp:attachment":[{"href":"https:\/\/tecin-mineria.com.ar\/si20te17\/wp-json\/wp\/v2\/media?parent=1722"}],"wp:term":[{"taxonomy":"category","embeddable":true,"href":"https:\/\/tecin-mineria.com.ar\/si20te17\/wp-json\/wp\/v2\/categories?post=1722"},{"taxonomy":"post_tag","embeddable":true,"href":"https:\/\/tecin-mineria.com.ar\/si20te17\/wp-json\/wp\/v2\/tags?post=1722"}],"curies":[{"name":"wp","href":"https:\/\/api.w.org\/{rel}","templated":true}]}}